{"id":9,"date":"2013-04-16T20:27:00","date_gmt":"2013-04-16T20:27:00","guid":{"rendered":""},"modified":"2019-02-19T16:42:11","modified_gmt":"2019-02-19T16:42:11","slug":"pulseras-espiral","status":"publish","type":"post","link":"https:\/\/www.eldedaldemama.mallorcateva.com\/?p=9","title":{"rendered":"Pulseras espiral"},"content":{"rendered":"<p><span style=\"font-size: large;\">\u00bfQu\u00e9 os parecen estas pulseras?<\/span><br \/><span style=\"font-size: large;\"><br \/><\/span><span style=\"font-size: large;\">Est\u00e1n tejidas con cola de rat\u00f3n, formando una espiral.&nbsp;<\/span><br \/><span style=\"font-size: large;\"><br \/><\/span><\/p>\n<div style=\"clear: both; text-align: center;\"><a href=\"https:\/\/www.eldedaldemama.mallorcateva.com\/wp-content\/uploads\/2013\/04\/DSC0147.jpg\" style=\"margin-left: 1em; margin-right: 1em;\"><img loading=\"lazy\" decoding=\"async\" border=\"0\" height=\"261\" src=\"https:\/\/www.eldedaldemama.mallorcateva.com\/wp-content\/uploads\/2013\/04\/DSC0147-300x245.jpg\" width=\"320\" \/><\/a><\/div>\n<p><span style=\"font-size: large;\"><br \/><\/span><span style=\"font-size: large;\"><br \/><\/span><\/p>\n<div style=\"clear: both; text-align: center;\"><a href=\"https:\/\/www.eldedaldemama.mallorcateva.com\/wp-content\/uploads\/2013\/04\/DSC0148.jpg\" style=\"clear: left; float: left; margin-bottom: 1em; margin-right: 1em;\"><img loading=\"lazy\" decoding=\"async\" border=\"0\" height=\"265\" src=\"https:\/\/www.eldedaldemama.mallorcateva.com\/wp-content\/uploads\/2013\/04\/DSC0148-300x249.jpg\" width=\"320\" \/><\/a><\/div>\n<p><span style=\"font-size: large;\"><br \/><\/span><span style=\"font-size: large;\">Para cada una de ellas he utilizado doce hilos, aproximadamente unos siete metros por pulsera.&nbsp;<\/span><br \/><span style=\"font-size: large;\"><br \/><\/span><\/p>\n<div style=\"clear: both; text-align: center;\"><a href=\"https:\/\/www.eldedaldemama.mallorcateva.com\/wp-content\/uploads\/2013\/04\/DSC0149.jpg\" style=\"clear: right; float: right; margin-bottom: 1em; margin-left: 1em;\"><img loading=\"lazy\" decoding=\"async\" border=\"0\" height=\"276\" src=\"https:\/\/www.eldedaldemama.mallorcateva.com\/wp-content\/uploads\/2013\/04\/DSC0149-300x260.jpg\" width=\"320\" \/><\/a><span style=\"font-size: large;\">Luego las he rematado con los terminales y he a\u00f1adido un detalle colgante.<\/span><\/div>\n<p><span style=\"font-size: large;\"><br \/><\/span><span style=\"font-size: large;\"><br \/><\/span><span style=\"font-size: large;\"><br \/><\/span><span style=\"font-size: large;\"><br \/><\/span><span style=\"font-size: large;\"><br \/><\/span><span style=\"font-size: large;\"><br \/><\/span><span style=\"font-size: large;\"><br \/><\/span><span style=\"font-size: large;\"><br \/><\/span><\/p>\n","protected":false},"excerpt":{"rendered":"<p>\u00bfQu\u00e9 os parecen estas pulseras?Est\u00e1n tejidas con cola de rat\u00f3n, formando una espiral.&nbsp; Para cada una de ellas he utilizado doce hilos, aproximadamente unos siete metros por pulsera.&nbsp; Luego las he rematado con los terminales y he a\u00f1adido un detalle colgante.<\/p>\n","protected":false},"author":1,"featured_media":27,"comment_status":"open","ping_status":"open","sticky":false,"template":"","format":"standard","meta":{"footnotes":""},"categories":[1],"tags":[],"class_list":["post-9","post","type-post","status-publish","format-standard","has-post-thumbnail","hentry","category-uncategorized"],"_links":{"self":[{"href":"https:\/\/www.eldedaldemama.mallorcateva.com\/index.php?rest_route=\/wp\/v2\/posts\/9","targetHints":{"allow":["GET"]}}],"collection":[{"href":"https:\/\/www.eldedaldemama.mallorcateva.com\/index.php?rest_route=\/wp\/v2\/posts"}],"about":[{"href":"https:\/\/www.eldedaldemama.mallorcateva.com\/index.php?rest_route=\/wp\/v2\/types\/post"}],"author":[{"embeddable":true,"href":"https:\/\/www.eldedaldemama.mallorcateva.com\/index.php?rest_route=\/wp\/v2\/users\/1"}],"replies":[{"embeddable":true,"href":"https:\/\/www.eldedaldemama.mallorcateva.com\/index.php?rest_route=%2Fwp%2Fv2%2Fcomments&post=9"}],"version-history":[{"count":1,"href":"https:\/\/www.eldedaldemama.mallorcateva.com\/index.php?rest_route=\/wp\/v2\/posts\/9\/revisions"}],"predecessor-version":[{"id":30,"href":"https:\/\/www.eldedaldemama.mallorcateva.com\/index.php?rest_route=\/wp\/v2\/posts\/9\/revisions\/30"}],"wp:featuredmedia":[{"embeddable":true,"href":"https:\/\/www.eldedaldemama.mallorcateva.com\/index.php?rest_route=\/wp\/v2\/media\/27"}],"wp:attachment":[{"href":"https:\/\/www.eldedaldemama.mallorcateva.com\/index.php?rest_route=%2Fwp%2Fv2%2Fmedia&parent=9"}],"wp:term":[{"taxonomy":"category","embeddable":true,"href":"https:\/\/www.eldedaldemama.mallorcateva.com\/index.php?rest_route=%2Fwp%2Fv2%2Fcategories&post=9"},{"taxonomy":"post_tag","embeddable":true,"href":"https:\/\/www.eldedaldemama.mallorcateva.com\/index.php?rest_route=%2Fwp%2Fv2%2Ftags&post=9"}],"curies":[{"name":"wp","href":"https:\/\/api.w.org\/{rel}","templated":true}]}}